
{"id":19310,"date":"2026-09-03T08:18:59","date_gmt":"2026-09-03T08:18:59","guid":{"rendered":"https:\/\/www.awo-wuelfrath.de\/?p=19310"},"modified":"2026-09-03T08:19:36","modified_gmt":"2026-09-03T08:19:36","slug":"konzert-zum-antikriegstag-26-in-der-awo","status":"publish","type":"post","link":"https:\/\/www.awo-wuelfrath.de\/?p=19310","title":{"rendered":"Konzert zum Antikriegstag 26 in der AWO R\u00fcckblick"},"content":{"rendered":"\n<p class=\"wp-block-paragraph\"><strong>\u201eUnsere Antwort muss Zusammenhalt und Frieden sein!\u201c<\/strong><\/p>\n\n\n\n<p class=\"wp-block-paragraph\"><strong>AWO-Konzert zum Antikriegstag wusste zu \u00fcberzeugen.<\/strong><\/p>\n\n\n<style>.kb-image19310_124c71-32.kb-image-is-ratio-size, .kb-image19310_124c71-32 .kb-image-is-ratio-size{max-width:220px;width:100%;}.wp-block-kadence-column > .kt-inside-inner-col > .kb-image19310_124c71-32.kb-image-is-ratio-size, .wp-block-kadence-column > .kt-inside-inner-col > .kb-image19310_124c71-32 .kb-image-is-ratio-size{align-self:unset;}.kb-image19310_124c71-32 figure{max-width:220px;}.kb-image19310_124c71-32 .image-is-svg, .kb-image19310_124c71-32 .image-is-svg img{width:100%;}.kb-image19310_124c71-32 .kb-image-has-overlay:after{opacity:0.3;}<\/style>\n<div class=\"wp-block-kadence-image kb-image19310_124c71-32\"><figure class=\"alignleft size-large\"><a href=\"https:\/\/www.awo-wuelfrath.de\/wp-content\/uploads\/2026\/09\/Nonnweiler-Dubiel26.jpg\" class=\"kb-advanced-image-link\"><img loading=\"lazy\" decoding=\"async\" width=\"1024\" height=\"891\" src=\"https:\/\/www.awo-wuelfrath.de\/wp-content\/uploads\/2026\/09\/Nonnweiler-Dubiel26-1024x891.jpg\" alt=\"\" class=\"kb-img wp-image-19311\" srcset=\"https:\/\/www.awo-wuelfrath.de\/wp-content\/uploads\/2026\/09\/Nonnweiler-Dubiel26-1024x891.jpg 1024w, https:\/\/www.awo-wuelfrath.de\/wp-content\/uploads\/2026\/09\/Nonnweiler-Dubiel26-300x261.jpg 300w, https:\/\/www.awo-wuelfrath.de\/wp-content\/uploads\/2026\/09\/Nonnweiler-Dubiel26-768x668.jpg 768w, https:\/\/www.awo-wuelfrath.de\/wp-content\/uploads\/2026\/09\/Nonnweiler-Dubiel26-100x87.jpg 100w, https:\/\/www.awo-wuelfrath.de\/wp-content\/uploads\/2026\/09\/Nonnweiler-Dubiel26-1536x1337.jpg 1536w, https:\/\/www.awo-wuelfrath.de\/wp-content\/uploads\/2026\/09\/Nonnweiler-Dubiel26.jpg 2048w\" sizes=\"auto, (max-width: 1024px) 100vw, 1024px\" \/><\/a><\/figure><\/div>\n\n\n\n<p class=\"wp-block-paragraph\">\u201eWir k\u00f6nnen Kriege und die damit verbundenen Geschichten nicht wegsingen. Aber wir k\u00f6nnen unsere Stimmen erheben. Wir k\u00f6nnen sensibilisieren!\u201c, so Ulrike Romund zu Beginn der Kulturveranstaltung der W\u00fclfrather AWO, anl\u00e4sslich des Antikriegstags. Der Antikriegstag, am 1. September, dem Tag des \u00dcberfalls Hitler-Deutschlands auf Polen, war 1957 von den Gewerkschaften unter dem Motto \u201eNie wieder Krieg\u201c ins Leben gerufen worden.<\/p>\n\n\n\n<p class=\"wp-block-paragraph\">Das Antikriegskonzert der AWO brachte am gestrigen 1. September Musik zum Zeichen gegen Krieg und Gewalt auf die B\u00fchne. Musik, die aufr\u00fcttelt. Musik, die Schmerz sp\u00fcrbar macht. Musik, die Wut Raum gibt. Musik, die Hoffnung tr\u00e4gt. Musik, die Menschen verbindet. Musik, die f\u00fcr Grenzen \u00fcberschreitet.<\/p>\n\n\n<style>.kb-image19310_b3b8e2-b7.kb-image-is-ratio-size, .kb-image19310_b3b8e2-b7 .kb-image-is-ratio-size{max-width:239px;width:100%;}.wp-block-kadence-column > .kt-inside-inner-col > .kb-image19310_b3b8e2-b7.kb-image-is-ratio-size, .wp-block-kadence-column > .kt-inside-inner-col > .kb-image19310_b3b8e2-b7 .kb-image-is-ratio-size{align-self:unset;}.kb-image19310_b3b8e2-b7 figure{max-width:239px;}.kb-image19310_b3b8e2-b7 .image-is-svg, .kb-image19310_b3b8e2-b7 .image-is-svg img{width:100%;}.kb-image19310_b3b8e2-b7 .kb-image-has-overlay:after{opacity:0.3;}<\/style>\n<div class=\"wp-block-kadence-image kb-image19310_b3b8e2-b7\"><figure class=\"alignright size-full\"><a href=\"https:\/\/www.awo-wuelfrath.de\/wp-content\/uploads\/2026\/09\/Bjoern-Nonnweiler26.jpg\" class=\"kb-advanced-image-link\"><img loading=\"lazy\" decoding=\"async\" width=\"900\" height=\"674\" src=\"https:\/\/www.awo-wuelfrath.de\/wp-content\/uploads\/2026\/09\/Bjoern-Nonnweiler26.jpg\" alt=\"\" class=\"kb-img wp-image-19312\" srcset=\"https:\/\/www.awo-wuelfrath.de\/wp-content\/uploads\/2026\/09\/Bjoern-Nonnweiler26.jpg 900w, https:\/\/www.awo-wuelfrath.de\/wp-content\/uploads\/2026\/09\/Bjoern-Nonnweiler26-300x225.jpg 300w, https:\/\/www.awo-wuelfrath.de\/wp-content\/uploads\/2026\/09\/Bjoern-Nonnweiler26-768x575.jpg 768w, https:\/\/www.awo-wuelfrath.de\/wp-content\/uploads\/2026\/09\/Bjoern-Nonnweiler26-100x75.jpg 100w\" sizes=\"auto, (max-width: 900px) 100vw, 900px\" \/><\/a><\/figure><\/div>\n\n\n\n<p class=\"wp-block-paragraph\">Die ann\u00e4hernd 100 G\u00e4ste \u2013 es wurde im gro\u00dfen Saal so voll, dass die flei\u00dfigen Helferinnen und Helfer noch einige Tische und St\u00fchle herbeischaffen mussten \u2013 waren begeistert, wie die positiven Kommentare zeigten. \u201eEin gutes Zeichen\u201c, so Peter Zwilling, der Vorsitzende der AWO, \u201egleichzeitig aber auch ein sorgenvolles, dass so viele Menschen zu unserem Antikriegstags-Konzert kommen. Das Weltgeschehen bewegt.\u201c<\/p>\n\n\n\n<p class=\"wp-block-paragraph\">Die Organisatoren danken den K\u00fcnstlern Bj\u00f6rn Nonnweiler und Reiner Dubiel f\u00fcr die wahre, aber auch mutige Liederauswahl. Bj\u00f6rn Nonnweiler, Liedermacher aus Hagen, \u00fcberzeugte mit einer Auswahl bekannter Lieder von Bob Dylan, Woody Guthry bis Hannes Wader, aber auch eigenen Songs, wie zum Beispiel \u201eVergissmeinnicht\u201c, standen auf seiner Liste, die die Menschen immer wieder zum Mitsingen animierten.<\/p>\n\n\n<style>.kb-image19310_86efa2-8a.kb-image-is-ratio-size, .kb-image19310_86efa2-8a .kb-image-is-ratio-size{max-width:215px;width:100%;}.wp-block-kadence-column > .kt-inside-inner-col > .kb-image19310_86efa2-8a.kb-image-is-ratio-size, .wp-block-kadence-column > .kt-inside-inner-col > .kb-image19310_86efa2-8a .kb-image-is-ratio-size{align-self:unset;}.kb-image19310_86efa2-8a figure{max-width:215px;}.kb-image19310_86efa2-8a .image-is-svg, .kb-image19310_86efa2-8a .image-is-svg img{width:100%;}.kb-image19310_86efa2-8a .kb-image-has-overlay:after{opacity:0.3;}<\/style>\n<div class=\"wp-block-kadence-image kb-image19310_86efa2-8a\"><figure class=\"alignleft size-full\"><a href=\"https:\/\/www.awo-wuelfrath.de\/wp-content\/uploads\/2026\/09\/Rainer-Dubiel26.jpg\" class=\"kb-advanced-image-link\"><img loading=\"lazy\" decoding=\"async\" width=\"900\" height=\"924\" src=\"https:\/\/www.awo-wuelfrath.de\/wp-content\/uploads\/2026\/09\/Rainer-Dubiel26.jpg\" alt=\"\" class=\"kb-img wp-image-19313\" srcset=\"https:\/\/www.awo-wuelfrath.de\/wp-content\/uploads\/2026\/09\/Rainer-Dubiel26.jpg 900w, https:\/\/www.awo-wuelfrath.de\/wp-content\/uploads\/2026\/09\/Rainer-Dubiel26-292x300.jpg 292w, https:\/\/www.awo-wuelfrath.de\/wp-content\/uploads\/2026\/09\/Rainer-Dubiel26-768x788.jpg 768w, https:\/\/www.awo-wuelfrath.de\/wp-content\/uploads\/2026\/09\/Rainer-Dubiel26-100x103.jpg 100w\" sizes=\"auto, (max-width: 900px) 100vw, 900px\" \/><\/a><\/figure><\/div>\n\n\n\n<p class=\"wp-block-paragraph\">Ganz anders Rainer Dubiel, aus dem benachbarten Essen, er interpretierte Robert Long, einen niederl\u00e4ndischen Liedermacher, der seine gr\u00f6\u00dften Erfolge in Zeiten der Friedensbewegung in den 1980 Jahren hatte. Mit seinen ins Deutsche \u00fcbersetzten Texte, die sowohl provozierten, andererseits jedoch sehr nachdenklich ihr Publikum zur\u00fccklie\u00dfen, \u00fcberzeugte auch er.<\/p>\n\n\n\n<p class=\"wp-block-paragraph\">Cornelia Weimer, Leiterin der AWO-Begegnungsst\u00e4tte an der Schulstra\u00dfe: \u201eEs war ein toller Abend voller Gegens\u00e4tze. Voller Emotionen. Voller Menschlichkeit. Denn hinter jedem Song stand die Botschaft, dass in jedem Krieg viele Menschen leiden. Menschen, die Angst haben. Menschen, die trauern. Menschen, die aber auch hoffen. Die Antwort darauf darf nicht Gleichg\u00fcltigkeit sein, die Antwort muss Zusammenhalt und Frieden sein\u201c.<\/p>\n","protected":false},"excerpt":{"rendered":"<p>\u201eUnsere Antwort muss Zusammenhalt und Frieden sein!\u201c AWO-Konzert zum Antikriegstag wusste zu \u00fcberzeugen. \u201eWir k\u00f6nnen Kriege und die damit verbundenen Geschichten nicht wegsingen. Aber wir k\u00f6nnen unsere Stimmen erheben. Wir k\u00f6nnen sensibilisieren!\u201c, so Ulrike Romund zu Beginn der Kulturveranstaltung der<\/p>\n","protected":false},"author":3,"featured_media":19028,"comment_status":"closed","ping_status":"closed","sticky":false,"template":"","format":"standard","meta":{"iawp_total_views":0,"footnotes":""},"categories":[2],"tags":[],"class_list":["post-19310","post","type-post","status-publish","format-standard","has-post-thumbnail","hentry","category-allgemein"],"_links":{"self":[{"href":"https:\/\/www.awo-wuelfrath.de\/index.php?rest_route=\/wp\/v2\/posts\/19310","targetHints":{"allow":["GET"]}}],"collection":[{"href":"https:\/\/www.awo-wuelfrath.de\/index.php?rest_route=\/wp\/v2\/posts"}],"about":[{"href":"https:\/\/www.awo-wuelfrath.de\/index.php?rest_route=\/wp\/v2\/types\/post"}],"author":[{"embeddable":true,"href":"https:\/\/www.awo-wuelfrath.de\/index.php?rest_route=\/wp\/v2\/users\/3"}],"replies":[{"embeddable":true,"href":"https:\/\/www.awo-wuelfrath.de\/index.php?rest_route=%2Fwp%2Fv2%2Fcomments&post=19310"}],"version-history":[{"count":2,"href":"https:\/\/www.awo-wuelfrath.de\/index.php?rest_route=\/wp\/v2\/posts\/19310\/revisions"}],"predecessor-version":[{"id":19315,"href":"https:\/\/www.awo-wuelfrath.de\/index.php?rest_route=\/wp\/v2\/posts\/19310\/revisions\/19315"}],"wp:featuredmedia":[{"embeddable":true,"href":"https:\/\/www.awo-wuelfrath.de\/index.php?rest_route=\/wp\/v2\/media\/19028"}],"wp:attachment":[{"href":"https:\/\/www.awo-wuelfrath.de\/index.php?rest_route=%2Fwp%2Fv2%2Fmedia&parent=19310"}],"wp:term":[{"taxonomy":"category","embeddable":true,"href":"https:\/\/www.awo-wuelfrath.de\/index.php?rest_route=%2Fwp%2Fv2%2Fcategories&post=19310"},{"taxonomy":"post_tag","embeddable":true,"href":"https:\/\/www.awo-wuelfrath.de\/index.php?rest_route=%2Fwp%2Fv2%2Ftags&post=19310"}],"curies":[{"name":"wp","href":"https:\/\/api.w.org\/{rel}","templated":true}]}}