{"id":19277,"date":"2026-08-31T10:56:51","date_gmt":"2026-08-31T10:56:51","guid":{"rendered":"https:\/\/www.awo-wuelfrath.de\/?p=19277"},"modified":"2026-08-31T12:13:01","modified_gmt":"2026-08-31T12:13:01","slug":"line-dance-flash-mob-auf-dem-heumarkt","status":"publish","type":"post","link":"https:\/\/www.awo-wuelfrath.de\/?p=19277","title":{"rendered":"Line-Dance-Flash-Mob auf dem Heumarkt"},"content":{"rendered":"\n<p class=\"has-medium-font-size wp-block-paragraph\"><strong>Die AWO beteiligt sich mit zwei Aktionen am 1. W\u00fclfrather Kulturtag<\/strong><\/p>\n\n\n<style>.kb-image19277_498816-ae.kb-image-is-ratio-size, .kb-image19277_498816-ae .kb-image-is-ratio-size{max-width:226px;width:100%;}.wp-block-kadence-column > .kt-inside-inner-col > .kb-image19277_498816-ae.kb-image-is-ratio-size, .wp-block-kadence-column > .kt-inside-inner-col > .kb-image19277_498816-ae .kb-image-is-ratio-size{align-self:unset;}.kb-image19277_498816-ae figure{max-width:226px;}.kb-image19277_498816-ae .image-is-svg, .kb-image19277_498816-ae .image-is-svg img{width:100%;}.kb-image19277_498816-ae .kb-image-has-overlay:after{opacity:0.3;}<\/style>\n<div class=\"wp-block-kadence-image kb-image19277_498816-ae\"><figure class=\"alignleft size-large\"><a href=\"https:\/\/www.awo-wuelfrath.de\/wp-content\/uploads\/2026\/08\/Line-Dance-Workshop.jpg\" class=\"kb-advanced-image-link\"><img loading=\"lazy\" decoding=\"async\" width=\"1024\" height=\"685\" src=\"https:\/\/www.awo-wuelfrath.de\/wp-content\/uploads\/2026\/08\/Line-Dance-Workshop-1024x685.jpg\" alt=\"\" class=\"kb-img wp-image-19278\" srcset=\"https:\/\/www.awo-wuelfrath.de\/wp-content\/uploads\/2026\/08\/Line-Dance-Workshop-1024x685.jpg 1024w, https:\/\/www.awo-wuelfrath.de\/wp-content\/uploads\/2026\/08\/Line-Dance-Workshop-300x201.jpg 300w, https:\/\/www.awo-wuelfrath.de\/wp-content\/uploads\/2026\/08\/Line-Dance-Workshop-768x514.jpg 768w, https:\/\/www.awo-wuelfrath.de\/wp-content\/uploads\/2026\/08\/Line-Dance-Workshop-100x67.jpg 100w, https:\/\/www.awo-wuelfrath.de\/wp-content\/uploads\/2026\/08\/Line-Dance-Workshop-1536x1027.jpg 1536w, https:\/\/www.awo-wuelfrath.de\/wp-content\/uploads\/2026\/08\/Line-Dance-Workshop.jpg 2035w\" sizes=\"auto, (max-width: 1024px) 100vw, 1024px\" \/><\/a><\/figure><\/div>\n\n\n\n<p class=\"has-medium-font-size wp-block-paragraph\">Im Rahmen des 1. Kulturtages in der W\u00fclfrather Innenstadt am Samstag, den 5. September hat das Kulturteam der AWO eine ganz besondere Mitmachaktion geplant. In Zusammenarbeit mit der Tanzhaus Neandertal aus Mettmann wird ab 11:00\/11:15 Uhr ein \u00f6ffentlicher Line-Dance-Workshop stattfinden. Alle T\u00e4nzerinnen und T\u00e4nzer und auch diejenigen, die sich zum Tanz berufen f\u00fchlen, sind eingeladen mitzumachen. Bev\u00f6lkern Sie bei diesem Tanz-Flash-Mob den Heumarkt. Die Aktion geht bis ca. 11:45 Uhr.&nbsp;<\/p>\n\n\n<style>.kb-image19277_30591b-ec.kb-image-is-ratio-size, .kb-image19277_30591b-ec .kb-image-is-ratio-size{max-width:266px;width:100%;}.wp-block-kadence-column > .kt-inside-inner-col > .kb-image19277_30591b-ec.kb-image-is-ratio-size, .wp-block-kadence-column > .kt-inside-inner-col > .kb-image19277_30591b-ec .kb-image-is-ratio-size{align-self:unset;}.kb-image19277_30591b-ec figure{max-width:266px;}.kb-image19277_30591b-ec .image-is-svg, .kb-image19277_30591b-ec .image-is-svg img{width:100%;}.kb-image19277_30591b-ec .kb-image-has-overlay:after{opacity:0.3;}<\/style>\n<div class=\"wp-block-kadence-image kb-image19277_30591b-ec\"><figure class=\"alignright size-large\"><a href=\"https:\/\/www.awo-wuelfrath.de\/wp-content\/uploads\/2026\/08\/Line-Dance-Workschop2.jpg\" class=\"kb-advanced-image-link\"><img loading=\"lazy\" decoding=\"async\" width=\"1024\" height=\"688\" src=\"https:\/\/www.awo-wuelfrath.de\/wp-content\/uploads\/2026\/08\/Line-Dance-Workschop2-1024x688.jpg\" alt=\"\" class=\"kb-img wp-image-19279\" srcset=\"https:\/\/www.awo-wuelfrath.de\/wp-content\/uploads\/2026\/08\/Line-Dance-Workschop2-1024x688.jpg 1024w, https:\/\/www.awo-wuelfrath.de\/wp-content\/uploads\/2026\/08\/Line-Dance-Workschop2-300x202.jpg 300w, https:\/\/www.awo-wuelfrath.de\/wp-content\/uploads\/2026\/08\/Line-Dance-Workschop2-768x516.jpg 768w, https:\/\/www.awo-wuelfrath.de\/wp-content\/uploads\/2026\/08\/Line-Dance-Workschop2-100x67.jpg 100w, https:\/\/www.awo-wuelfrath.de\/wp-content\/uploads\/2026\/08\/Line-Dance-Workschop2-1536x1032.jpg 1536w, https:\/\/www.awo-wuelfrath.de\/wp-content\/uploads\/2026\/08\/Line-Dance-Workschop2.jpg 1986w\" sizes=\"auto, (max-width: 1024px) 100vw, 1024px\" \/><\/a><\/figure><\/div>\n\n\n\n<p class=\"has-medium-font-size wp-block-paragraph\">Zu einem weiteren Event der AWO kommt es dann gegen 13:00 Uhr: Der ALTERnativchor der AWO, unter Leitung von Cornelia Hessenberg, tritt gemeinsam mit dem t\u00fcrkischen Chor aus Wuppertal auf dem Heumarkt auf. Die beiden Ch\u00f6re werden abwechselnd bekannte Lieder singen. Das Kulturteam der AWO freut sich besonders, den t\u00fcrkischen Chor aus Wuppertal f\u00fcr diese Zusammenarbeit gewonnen zu haben.<\/p>\n\n\n\n<p class=\"has-medium-font-size wp-block-paragraph\">Die AWO ist am Kulturtag au\u00dferdem ab 10 Uhr mit einem Infostand vertreten, bei dem die W\u00fclfrather sich \u00fcber die vielen Angebote der AWO in Ihrem Haus an der Schulstra\u00dfe aber auch in den Stadtteilen informieren k\u00f6nnen. Bei Wein und Schmalzbroten und sch\u00f6nem Wetter freuen sich AWO-Mitglieder \u00fcber interessante Gespr\u00e4che.<\/p>\n","protected":false},"excerpt":{"rendered":"<p>Die AWO beteiligt sich mit zwei Aktionen am 1. W\u00fclfrather Kulturtag Im Rahmen des 1. Kulturtages in der W\u00fclfrather Innenstadt am Samstag, den 5. September hat das Kulturteam der AWO eine ganz besondere Mitmachaktion geplant. In Zusammenarbeit mit der Tanzhaus<\/p>\n","protected":false},"author":3,"featured_media":17419,"comment_status":"closed","ping_status":"closed","sticky":false,"template":"","format":"standard","meta":{"iawp_total_views":1,"footnotes":""},"categories":[2],"tags":[94],"class_list":["post-19277","post","type-post","status-publish","format-standard","has-post-thumbnail","hentry","category-allgemein","tag-kultur"],"_links":{"self":[{"href":"https:\/\/www.awo-wuelfrath.de\/index.php?rest_route=\/wp\/v2\/posts\/19277","targetHints":{"allow":["GET"]}}],"collection":[{"href":"https:\/\/www.awo-wuelfrath.de\/index.php?rest_route=\/wp\/v2\/posts"}],"about":[{"href":"https:\/\/www.awo-wuelfrath.de\/index.php?rest_route=\/wp\/v2\/types\/post"}],"author":[{"embeddable":true,"href":"https:\/\/www.awo-wuelfrath.de\/index.php?rest_route=\/wp\/v2\/users\/3"}],"replies":[{"embeddable":true,"href":"https:\/\/www.awo-wuelfrath.de\/index.php?rest_route=%2Fwp%2Fv2%2Fcomments&post=19277"}],"version-history":[{"count":1,"href":"https:\/\/www.awo-wuelfrath.de\/index.php?rest_route=\/wp\/v2\/posts\/19277\/revisions"}],"predecessor-version":[{"id":19280,"href":"https:\/\/www.awo-wuelfrath.de\/index.php?rest_route=\/wp\/v2\/posts\/19277\/revisions\/19280"}],"wp:featuredmedia":[{"embeddable":true,"href":"https:\/\/www.awo-wuelfrath.de\/index.php?rest_route=\/wp\/v2\/media\/17419"}],"wp:attachment":[{"href":"https:\/\/www.awo-wuelfrath.de\/index.php?rest_route=%2Fwp%2Fv2%2Fmedia&parent=19277"}],"wp:term":[{"taxonomy":"category","embeddable":true,"href":"https:\/\/www.awo-wuelfrath.de\/index.php?rest_route=%2Fwp%2Fv2%2Fcategories&post=19277"},{"taxonomy":"post_tag","embeddable":true,"href":"https:\/\/www.awo-wuelfrath.de\/index.php?rest_route=%2Fwp%2Fv2%2Ftags&post=19277"}],"curies":[{"name":"wp","href":"https:\/\/api.w.org\/{rel}","templated":true}]}}