{"id":19269,"date":"2026-08-30T10:45:00","date_gmt":"2026-08-30T10:45:00","guid":{"rendered":"https:\/\/www.awo-wuelfrath.de\/?p=19269"},"modified":"2026-08-31T12:13:31","modified_gmt":"2026-08-31T12:13:31","slug":"kulturprgramm","status":"publish","type":"post","link":"https:\/\/www.awo-wuelfrath.de\/?p=19269","title":{"rendered":"Kulturprgramm"},"content":{"rendered":"<style>.kb-image19269_bc64e4-21 .kb-image-has-overlay:after{opacity:0.3;}<\/style>\n<div class=\"wp-block-kadence-image kb-image19269_bc64e4-21\"><figure class=\"alignleft size-full\"><img loading=\"lazy\" decoding=\"async\" width=\"200\" height=\"189\" src=\"https:\/\/www.awo-wuelfrath.de\/wp-content\/uploads\/2026\/01\/Kulturbistro.png\" alt=\"Kulturbistro\" class=\"kb-img wp-image-17419\" srcset=\"https:\/\/www.awo-wuelfrath.de\/wp-content\/uploads\/2026\/01\/Kulturbistro.png 200w, https:\/\/www.awo-wuelfrath.de\/wp-content\/uploads\/2026\/01\/Kulturbistro-100x95.png 100w\" sizes=\"auto, (max-width: 200px) 100vw, 200px\" \/><figcaption>Kulturbistro<\/figcaption><\/figure><\/div>\n\n\n\n<p class=\"has-medium-font-size wp-block-paragraph\">Kultur in der AWO ist mittlerweile ein Begriff weit \u00fcber W\u00fclfrath hinaus. Ob das Kulturbistro, das es schon seit \u00fcber 5 Jahren gibt, das Sonntagscafe, das wir mit Konzerten bereichert haben und das seit dem letzten Jahr erfolgreich ist oder aber unser j\u00fcngstes Kind, das Kindertheater in der AWO, im letzten Dezember gestartet. Wir haben einen kleinen \u00dcberblick gefertigt, den Sie hier herunterladen k\u00f6nnen. Save the Dates auch f\u00fcr 2027. Das Programm des Kulturbistros ist so gut wie fertig. Mit vielen neuen H\u00f6hepunkten. Freuen Sie sich und kommen Sie vorbei. <\/p>\n\n\n<div class=\"_df_book df-lite\" id=\"df_19271\"  _slug=\"19271\" data-title=\"\" wpoptions=\"true\" thumb=\"https:\/\/www.awo-wuelfrath.de\/wp-content\/uploads\/2026\/01\/Kulturbistro.png\" thumbtype=\"\" ><\/div><script class=\"df-shortcode-script\" nowprocket type=\"application\/javascript\">window.option_df_19271 = {\"outline\":[],\"autoEnableOutline\":\"false\",\"autoEnableThumbnail\":\"false\",\"overwritePDFOutline\":\"false\",\"direction\":\"1\",\"pageSize\":\"0\",\"source\":\"https:\\\/\\\/www.awo-wuelfrath.de\\\/wp-content\\\/uploads\\\/2026\\\/08\\\/Flyer-Kulturprogramm-26-27.pdf\",\"wpOptions\":\"true\"}; if(window.DFLIP && window.DFLIP.parseBooks){window.DFLIP.parseBooks();}<\/script>\n","protected":false},"excerpt":{"rendered":"<p>Kultur in der AWO ist mittlerweile ein Begriff weit \u00fcber W\u00fclfrath hinaus. Ob das Kulturbistro, das es schon seit \u00fcber 5 Jahren gibt, das Sonntagscafe, das wir mit Konzerten bereichert haben und das seit dem letzten Jahr erfolgreich ist oder<\/p>\n","protected":false},"author":3,"featured_media":17419,"comment_status":"closed","ping_status":"closed","sticky":false,"template":"","format":"standard","meta":{"iawp_total_views":2,"footnotes":""},"categories":[2],"tags":[94],"class_list":["post-19269","post","type-post","status-publish","format-standard","has-post-thumbnail","hentry","category-allgemein","tag-kultur"],"_links":{"self":[{"href":"https:\/\/www.awo-wuelfrath.de\/index.php?rest_route=\/wp\/v2\/posts\/19269","targetHints":{"allow":["GET"]}}],"collection":[{"href":"https:\/\/www.awo-wuelfrath.de\/index.php?rest_route=\/wp\/v2\/posts"}],"about":[{"href":"https:\/\/www.awo-wuelfrath.de\/index.php?rest_route=\/wp\/v2\/types\/post"}],"author":[{"embeddable":true,"href":"https:\/\/www.awo-wuelfrath.de\/index.php?rest_route=\/wp\/v2\/users\/3"}],"replies":[{"embeddable":true,"href":"https:\/\/www.awo-wuelfrath.de\/index.php?rest_route=%2Fwp%2Fv2%2Fcomments&post=19269"}],"version-history":[{"count":2,"href":"https:\/\/www.awo-wuelfrath.de\/index.php?rest_route=\/wp\/v2\/posts\/19269\/revisions"}],"predecessor-version":[{"id":19276,"href":"https:\/\/www.awo-wuelfrath.de\/index.php?rest_route=\/wp\/v2\/posts\/19269\/revisions\/19276"}],"wp:featuredmedia":[{"embeddable":true,"href":"https:\/\/www.awo-wuelfrath.de\/index.php?rest_route=\/wp\/v2\/media\/17419"}],"wp:attachment":[{"href":"https:\/\/www.awo-wuelfrath.de\/index.php?rest_route=%2Fwp%2Fv2%2Fmedia&parent=19269"}],"wp:term":[{"taxonomy":"category","embeddable":true,"href":"https:\/\/www.awo-wuelfrath.de\/index.php?rest_route=%2Fwp%2Fv2%2Fcategories&post=19269"},{"taxonomy":"post_tag","embeddable":true,"href":"https:\/\/www.awo-wuelfrath.de\/index.php?rest_route=%2Fwp%2Fv2%2Ftags&post=19269"}],"curies":[{"name":"wp","href":"https:\/\/api.w.org\/{rel}","templated":true}]}}