{"id":19166,"date":"2026-08-28T10:41:22","date_gmt":"2026-08-28T10:41:22","guid":{"rendered":"https:\/\/www.awo-wuelfrath.de\/?p=19166"},"modified":"2026-08-30T06:38:19","modified_gmt":"2026-08-30T06:38:19","slug":"sonntagscafe-in-der-awo","status":"publish","type":"post","link":"https:\/\/www.awo-wuelfrath.de\/?p=19166","title":{"rendered":"Sonntagscaf\u00e9 in der AWO"},"content":{"rendered":"\n<p class=\"wp-block-paragraph\">Das Sonntagscafe in der AWO pr\u00e4sentiert neben Kaffee satt und ein St\u00fcck Kuchen ein interessantes Konzert und vor dem Konzert, dass gegen 15:00 Uhr beginnt gen\u00fcgend Zeit zum \u201et\u00f6ttern\u201c. F\u00fcr Kaffee, Kuchen und Konzert bezahlen Sie 10 Euro und ein sch\u00f6ner Sonntag Nachmittag ist garantiert.<\/p>\n\n\n\n<p class=\"wp-block-paragraph\">Folgende Konzerte bzw. Aktionen sind bereits vorgesehen:<\/p>\n\n\n<div class=\"awo-veranstaltung-container\" style=\"max-width:85%; margin:18px auto; background:#f9f9f9; border:1px solid #ddd; border-radius:9px; padding:22px;\"><div style=\"display:grid; grid-template-columns:repeat(3, minmax(0, 1fr)); gap:12px;\"><div class=\"awo-card\" style=\"border:1px solid #ccc; border-radius:7px; background:#fff; box-shadow:0 2px 4px rgba(0,0,0,0.05); overflow:hidden; display:flex; flex-direction:column;\"><div class=\"awo-card-header\" style=\"background:#f0f4f8; padding:13.0px; border-bottom:1px solid #ccc; text-align:center;\"><div style=\"display:flex; align-items:center; justify-content:center; gap:8px; font-weight:bold; font-size:14.5px; color:#1d2327;\"><img decoding=\"async\" src=\"https:\/\/www.awo-wuelfrath.de\/wp-content\/uploads\/news-grafiken\/D12.PNG\" alt=\"Tag 12\" style=\"height:48px; width:auto; display:block; box-shadow:none; filter:none; border:none; background:transparent;\"><span style=\"height:32px; display:flex; align-items:center; justify-content:center; line-height:1; transform:translateY(-3px);\">Juli 2026<\/span><\/div><\/div><div class=\"awo-card-body\" style=\"padding:0; display:flex; flex-direction:column; flex-grow:1; background-color:#ffffff;\"><div style=\"width:100%; background:#f9f9f9; overflow:hidden; display:flex; flex-direction:column; align-items:center; justify-content:center; padding:5px;\"><img decoding=\"async\" src=\"https:\/\/www.awo-wuelfrath.de\/wp-content\/uploads\/2026\/01\/Sonntagscafe.jpg\" alt=\"Terminbild\" style=\"width:100%; height:220px; display:block; object-fit:contain;\"><div class=\"awo-bildtitel\" style=\"font-size:12px; line-height:1.3; color:#666; margin-top:4px; text-align:left; width:100%; align-self:stretch; box-sizing:border-box;\">Foto:Pixybay<\/div><\/div><div style=\"padding:22px; color:#333; line-height:1.5; font-size:15.0px; flex-grow:1;\">Sonntagscaf\u00e9 in der AWO<\/div><\/div><\/div><div class=\"awo-card\" style=\"border:1px solid #ccc; border-radius:7px; background:#fff; box-shadow:0 2px 4px rgba(0,0,0,0.05); overflow:hidden; display:flex; flex-direction:column;\"><div class=\"awo-card-header\" style=\"background:#f0f4f8; padding:13.0px; border-bottom:1px solid #ccc; text-align:center;\"><div style=\"display:flex; align-items:center; justify-content:center; gap:8px; font-weight:bold; font-size:14.5px; color:#1d2327;\"><img decoding=\"async\" src=\"https:\/\/www.awo-wuelfrath.de\/wp-content\/uploads\/news-grafiken\/D09.PNG\" alt=\"Tag 09\" style=\"height:48px; width:auto; display:block; box-shadow:none; filter:none; border:none; background:transparent;\"><span style=\"height:32px; display:flex; align-items:center; justify-content:center; line-height:1; transform:translateY(-3px);\">August 2026<\/span><\/div><\/div><div class=\"awo-card-body\" style=\"padding:0; display:flex; flex-direction:column; flex-grow:1; background-color:#ffffff;\"><div style=\"width:100%; background:#f9f9f9; overflow:hidden; display:flex; flex-direction:column; align-items:center; justify-content:center; padding:5px;\"><img decoding=\"async\" src=\"https:\/\/www.awo-wuelfrath.de\/wp-content\/uploads\/2024\/11\/Alternativchorl-1.jpeg\" alt=\"Terminbild\" style=\"width:100%; height:220px; display:block; object-fit:contain;\"><div class=\"awo-bildtitel\" style=\"font-size:12px; line-height:1.3; color:#666; margin-top:4px; text-align:left; width:100%; align-self:stretch; box-sizing:border-box;\">Foto:Pixybay<\/div><\/div><div style=\"padding:22px; color:#333; line-height:1.5; font-size:15.0px; flex-grow:1;\">Sonntagscaf\u00e9 in der AWO<br \/>\nItal. Nachmittag mit dem <br \/>\nALTERnativ-Chor, Cornelia Hessenberg<br \/>\nund Christoph Rehm<\/div><\/div><\/div><div class=\"awo-card\" style=\"border:1px solid #ccc; border-radius:7px; background:#fff; box-shadow:0 2px 4px rgba(0,0,0,0.05); overflow:hidden; display:flex; flex-direction:column;\"><div class=\"awo-card-header\" style=\"background:#f0f4f8; padding:13.0px; border-bottom:1px solid #ccc; text-align:center;\"><div style=\"display:flex; align-items:center; justify-content:center; gap:8px; font-weight:bold; font-size:14.5px; color:#1d2327;\"><img decoding=\"async\" src=\"https:\/\/www.awo-wuelfrath.de\/wp-content\/uploads\/news-grafiken\/D13.PNG\" alt=\"Tag 13\" style=\"height:48px; width:auto; display:block; box-shadow:none; filter:none; border:none; background:transparent;\"><span style=\"height:32px; display:flex; align-items:center; justify-content:center; line-height:1; transform:translateY(-3px);\">September 2026<\/span><\/div><\/div><div class=\"awo-card-body\" style=\"padding:0; display:flex; flex-direction:column; flex-grow:1; background-color:#ffffff;\"><div style=\"width:100%; background:#f9f9f9; overflow:hidden; display:flex; flex-direction:column; align-items:center; justify-content:center; padding:5px;\"><img decoding=\"async\" src=\"https:\/\/www.awo-wuelfrath.de\/wp-content\/uploads\/2026\/09\/Lothar-Meunier.jpeg\" alt=\"Terminbild\" style=\"width:100%; height:220px; display:block; object-fit:contain;\"><div class=\"awo-bildtitel\" style=\"font-size:12px; line-height:1.3; color:#666; margin-top:4px; text-align:left; width:100%; align-self:stretch; box-sizing:border-box;\">Floto: KI<\/div><\/div><div style=\"padding:22px; color:#333; line-height:1.5; font-size:15.0px; flex-grow:1;\">Sonntagscafe in der AWO - <br \/>\nLothar Meunier -<br \/>\nErinnerungen an Peter Alexander<\/div><\/div><div style=\"padding: 0 22px 22px 22px; text-align: left; margin-top:auto;\"><a href=\"https:\/\/www.awo-wuelfrath.de\/?p=19106\" target=\"_blank\" class=\"button button-primary\" style=\"display:inline-block; text-decoration:none;\">Zum Beitrag<\/a><\/div><\/div><\/div><\/div>\n","protected":false},"excerpt":{"rendered":"<p>Das Sonntagscafe in der AWO pr\u00e4sentiert neben Kaffee satt und ein St\u00fcck Kuchen ein interessantes Konzert und vor dem Konzert, dass gegen 15:00 Uhr beginnt gen\u00fcgend Zeit zum \u201et\u00f6ttern\u201c. F\u00fcr Kaffee, Kuchen und Konzert bezahlen Sie 10 Euro und ein<\/p>\n","protected":false},"author":4,"featured_media":17106,"comment_status":"closed","ping_status":"closed","sticky":false,"template":"","format":"standard","meta":{"iawp_total_views":0,"footnotes":""},"categories":[2],"tags":[],"class_list":["post-19166","post","type-post","status-publish","format-standard","has-post-thumbnail","hentry","category-allgemein"],"_links":{"self":[{"href":"https:\/\/www.awo-wuelfrath.de\/index.php?rest_route=\/wp\/v2\/posts\/19166","targetHints":{"allow":["GET"]}}],"collection":[{"href":"https:\/\/www.awo-wuelfrath.de\/index.php?rest_route=\/wp\/v2\/posts"}],"about":[{"href":"https:\/\/www.awo-wuelfrath.de\/index.php?rest_route=\/wp\/v2\/types\/post"}],"author":[{"embeddable":true,"href":"https:\/\/www.awo-wuelfrath.de\/index.php?rest_route=\/wp\/v2\/users\/4"}],"replies":[{"embeddable":true,"href":"https:\/\/www.awo-wuelfrath.de\/index.php?rest_route=%2Fwp%2Fv2%2Fcomments&post=19166"}],"version-history":[{"count":1,"href":"https:\/\/www.awo-wuelfrath.de\/index.php?rest_route=\/wp\/v2\/posts\/19166\/revisions"}],"predecessor-version":[{"id":19167,"href":"https:\/\/www.awo-wuelfrath.de\/index.php?rest_route=\/wp\/v2\/posts\/19166\/revisions\/19167"}],"wp:featuredmedia":[{"embeddable":true,"href":"https:\/\/www.awo-wuelfrath.de\/index.php?rest_route=\/wp\/v2\/media\/17106"}],"wp:attachment":[{"href":"https:\/\/www.awo-wuelfrath.de\/index.php?rest_route=%2Fwp%2Fv2%2Fmedia&parent=19166"}],"wp:term":[{"taxonomy":"category","embeddable":true,"href":"https:\/\/www.awo-wuelfrath.de\/index.php?rest_route=%2Fwp%2Fv2%2Fcategories&post=19166"},{"taxonomy":"post_tag","embeddable":true,"href":"https:\/\/www.awo-wuelfrath.de\/index.php?rest_route=%2Fwp%2Fv2%2Ftags&post=19166"}],"curies":[{"name":"wp","href":"https:\/\/api.w.org\/{rel}","templated":true}]}}