{"id":19147,"date":"2026-08-27T05:36:31","date_gmt":"2026-08-27T05:36:31","guid":{"rendered":"https:\/\/www.awo-wuelfrath.de\/?p=19147"},"modified":"2026-08-30T06:41:29","modified_gmt":"2026-08-30T06:41:29","slug":"flott-in-den-pott-2","status":"publish","type":"post","link":"https:\/\/www.awo-wuelfrath.de\/?p=19147","title":{"rendered":"Flott in den Pott"},"content":{"rendered":"<style>.kb-image19147_7a91ff-79.kb-image-is-ratio-size, .kb-image19147_7a91ff-79 .kb-image-is-ratio-size{max-width:-1889px;width:100%;}.wp-block-kadence-column > .kt-inside-inner-col > .kb-image19147_7a91ff-79.kb-image-is-ratio-size, .wp-block-kadence-column > .kt-inside-inner-col > .kb-image19147_7a91ff-79 .kb-image-is-ratio-size{align-self:unset;}.kb-image19147_7a91ff-79 figure{max-width:-1889px;}.kb-image19147_7a91ff-79 .image-is-svg, .kb-image19147_7a91ff-79 .image-is-svg img{width:100%;}.kb-image19147_7a91ff-79 .kb-image-has-overlay:after{opacity:0.3;}<\/style>\n<div class=\"wp-block-kadence-image kb-image19147_7a91ff-79\"><figure class=\"aligncenter\"><img loading=\"lazy\" decoding=\"async\" width=\"500\" height=\"327\" src=\"https:\/\/www.awo-wuelfrath.de\/wp-content\/uploads\/2026\/07\/zeit_1.png\" alt=\"\" class=\"kb-img wp-image-19130\" srcset=\"https:\/\/www.awo-wuelfrath.de\/wp-content\/uploads\/2026\/07\/zeit_1.png 500w, https:\/\/www.awo-wuelfrath.de\/wp-content\/uploads\/2026\/07\/zeit_1-300x196.png 300w, https:\/\/www.awo-wuelfrath.de\/wp-content\/uploads\/2026\/07\/zeit_1-100x65.png 100w\" sizes=\"auto, (max-width: 500px) 100vw, 500px\" \/><\/figure><\/div>\n\n\n\n<p class=\"wp-block-paragraph\">Wenn es um ein warmes, traditionelles Essen in Gesellschaft geht, steht der Klassiker der AWO im Vordergrund.<\/p>\n\n\n\n<p class=\"wp-block-paragraph\">Unter dem Motto \u201eFlott in den Pott\u201c schwingen Ehrenamtliche den Kochl\u00f6ffel, um ein frisch zubereitetes, saisonales Gericht nach Hausfrauenart direkt im AWO-Treff auf den Tisch zu bringen f\u00fcr 8,00 Euro.<\/p>\n\n\n\n<p class=\"wp-block-paragraph\">F\u00fcr den Alltag zu Hause bietet die AWO W\u00fclfrath erg\u00e4nzend einen <strong><a href=\"http:\/\/localhost\/awo-wuelfrath.local\/index.php\/2025\/04\/01\/rollender-mittagstisch\/\" data-type=\"post\" data-id=\"14182\" target=\"_blank\" rel=\"noopener\">Rollenden Mittagstisch<\/a><\/strong> an, bei dem t\u00e4glich warme Men\u00fcs (mit sieben Auswahlm\u00f6glichkeiten und Dessert) direkt nach Hause geliefert werden.<\/p>\n\n\n\n<p class=\"wp-block-paragraph\">Termin finden Sie im <a href=\"http:\/\/localhost\/awo-wuelfrath.local\/index.php\/2024\/04\/20\/quartalsbrief\/\" data-type=\"post\" data-id=\"14675\" target=\"_blank\" rel=\"noopener\">Quartalsbrief<\/a>.<\/p>\n\n\n\n<p class=\"has-text-align-center wp-block-paragraph\">Kommen Sie vorbei und lassen Sie sich verw\u00f6hnen \u2013 wir freuen uns auf Ihren Besuch.<br><br>Tel: 02058-557709, Mail: <a href=\"mailto:Info@awo-wuelfrath.local\" target=\"_blank\" rel=\"noreferrer noopener\"><\/a><a href=\"mailto:Info@awo-wuelfrath.de\" target=\"_blank\" rel=\"noreferrer noopener\">Info@awo-wuelfrath.de<\/a><br>oder direkt im B\u00fcro des AWO-Treff an der Schulstra\u00dfe 13.<\/p>\n\n\n\n<p class=\"has-text-align-center wp-block-paragraph\">Ihr Team vom AWO-TREF W\u00fclfrath<\/p>\n\n\n\n<p class=\"has-text-align-center has-medium-font-size wp-block-paragraph\">hier unser Menueplan f\u00fcr dieses Quartal<\/p>\n\n\n<div class=\"awo-veranstaltung-container\" style=\"max-width:85%; margin:18px auto; background:#f9f9f9; border:1px solid #ddd; border-radius:9px; padding:22px;\"><div style=\"display:grid; grid-template-columns:repeat(3, minmax(0, 1fr)); gap:12px;\"><div class=\"awo-card\" style=\"border:1px solid #ccc; border-radius:7px; background:#fff; box-shadow:0 2px 4px rgba(0,0,0,0.05); overflow:hidden; display:flex; flex-direction:column;\"><div class=\"awo-card-header\" style=\"background:#f0f4f8; padding:13.0px; border-bottom:1px solid #ccc; text-align:center;\"><div style=\"display:flex; align-items:center; justify-content:center; gap:8px; font-weight:bold; font-size:14.5px; color:#1d2327;\"><img decoding=\"async\" src=\"https:\/\/www.awo-wuelfrath.de\/wp-content\/uploads\/news-grafiken\/D14.PNG\" alt=\"Tag 14\" style=\"height:48px; width:auto; display:block; box-shadow:none; filter:none; border:none; background:transparent;\"><span style=\"height:32px; display:flex; align-items:center; justify-content:center; line-height:1; transform:translateY(-3px);\">Juli 2026<\/span><\/div><\/div><div class=\"awo-card-body\" style=\"padding:0; display:flex; flex-direction:column; flex-grow:1; background-color:#ffffff;\"><div style=\"width:100%; background:#f9f9f9; overflow:hidden; display:flex; flex-direction:column; align-items:center; justify-content:center; padding:5px;\"><img decoding=\"async\" src=\"https:\/\/www.awo-wuelfrath.de\/wp-content\/uploads\/2026\/08\/Kohlrouladen.jpg\" alt=\"Terminbild\" style=\"width:100%; height:220px; display:block; object-fit:contain;\"><div class=\"awo-bildtitel\" style=\"font-size:12px; line-height:1.3; color:#666; margin-top:4px; text-align:left; width:100%; align-self:stretch; box-sizing:border-box;\">foto: Pxabay<\/div><\/div><div style=\"padding:22px; color:#333; line-height:1.5; font-size:15.0px; flex-grow:1;\">Kohlrouladen<br \/>\nKroketten<br \/>\nGurkensalat<br \/>\nDessert<\/div><\/div><\/div><div class=\"awo-card\" style=\"border:1px solid #ccc; border-radius:7px; background:#fff; box-shadow:0 2px 4px rgba(0,0,0,0.05); overflow:hidden; display:flex; flex-direction:column;\"><div class=\"awo-card-header\" style=\"background:#f0f4f8; padding:13.0px; border-bottom:1px solid #ccc; text-align:center;\"><div style=\"display:flex; align-items:center; justify-content:center; gap:8px; font-weight:bold; font-size:14.5px; color:#1d2327;\"><img decoding=\"async\" src=\"https:\/\/www.awo-wuelfrath.de\/wp-content\/uploads\/news-grafiken\/D04.PNG\" alt=\"Tag 04\" style=\"height:48px; width:auto; display:block; box-shadow:none; filter:none; border:none; background:transparent;\"><span style=\"height:32px; display:flex; align-items:center; justify-content:center; line-height:1; transform:translateY(-3px);\">August 2026<\/span><\/div><\/div><div class=\"awo-card-body\" style=\"padding:0; display:flex; flex-direction:column; flex-grow:1; background-color:#ffffff;\"><div style=\"width:100%; background:#f9f9f9; overflow:hidden; display:flex; flex-direction:column; align-items:center; justify-content:center; padding:5px;\"><img decoding=\"async\" src=\"https:\/\/www.awo-wuelfrath.de\/wp-content\/uploads\/2026\/08\/shashlik-scaled-1.jpg\" alt=\"Terminbild\" style=\"width:100%; height:220px; display:block; object-fit:contain;\"><div class=\"awo-bildtitel\" style=\"font-size:12px; line-height:1.3; color:#666; margin-top:4px; text-align:left; width:100%; align-self:stretch; box-sizing:border-box;\">foto: Pxabay<\/div><\/div><div style=\"padding:22px; color:#333; line-height:1.5; font-size:15.0px; flex-grow:1;\">Schaschlik<br \/>\nNudeln<br \/>\nSalat<br \/>\nDessert<\/div><\/div><\/div><div class=\"awo-card\" style=\"border:1px solid #ccc; border-radius:7px; background:#fff; box-shadow:0 2px 4px rgba(0,0,0,0.05); overflow:hidden; display:flex; flex-direction:column;\"><div class=\"awo-card-header\" style=\"background:#f0f4f8; padding:13.0px; border-bottom:1px solid #ccc; text-align:center;\"><div style=\"display:flex; align-items:center; justify-content:center; gap:8px; font-weight:bold; font-size:14.5px; color:#1d2327;\"><img decoding=\"async\" src=\"https:\/\/www.awo-wuelfrath.de\/wp-content\/uploads\/news-grafiken\/D18.PNG\" alt=\"Tag 18\" style=\"height:48px; width:auto; display:block; box-shadow:none; filter:none; border:none; background:transparent;\"><span style=\"height:32px; display:flex; align-items:center; justify-content:center; line-height:1; transform:translateY(-3px);\">August 2026<\/span><\/div><\/div><div class=\"awo-card-body\" style=\"padding:0; display:flex; flex-direction:column; flex-grow:1; background-color:#ffffff;\"><div style=\"width:100%; background:#f9f9f9; overflow:hidden; display:flex; flex-direction:column; align-items:center; justify-content:center; padding:5px;\"><img decoding=\"async\" src=\"https:\/\/www.awo-wuelfrath.de\/wp-content\/uploads\/2026\/08\/Schweinefilet-scaled-1.jpg\" alt=\"Terminbild\" style=\"width:100%; height:220px; display:block; object-fit:contain;\"><div class=\"awo-bildtitel\" style=\"font-size:12px; line-height:1.3; color:#666; margin-top:4px; text-align:left; width:100%; align-self:stretch; box-sizing:border-box;\">foto: Pxabay<\/div><\/div><div style=\"padding:22px; color:#333; line-height:1.5; font-size:15.0px; flex-grow:1;\">Schweinefilet<br \/>\nKartoffelp\u00fcree<br \/>\nRote Bete Salat<br \/>\nDessert<\/div><\/div><\/div><div class=\"awo-card\" style=\"border:1px solid #ccc; border-radius:7px; background:#fff; box-shadow:0 2px 4px rgba(0,0,0,0.05); overflow:hidden; display:flex; flex-direction:column;\"><div class=\"awo-card-header\" style=\"background:#f0f4f8; padding:13.0px; border-bottom:1px solid #ccc; text-align:center;\"><div style=\"display:flex; align-items:center; justify-content:center; gap:8px; font-weight:bold; font-size:14.5px; color:#1d2327;\"><img decoding=\"async\" src=\"https:\/\/www.awo-wuelfrath.de\/wp-content\/uploads\/news-grafiken\/D15.PNG\" alt=\"Tag 15\" style=\"height:48px; width:auto; display:block; box-shadow:none; filter:none; border:none; background:transparent;\"><span style=\"height:32px; display:flex; align-items:center; justify-content:center; line-height:1; transform:translateY(-3px);\">September 2026<\/span><\/div><\/div><div class=\"awo-card-body\" style=\"padding:0; display:flex; flex-direction:column; flex-grow:1; background-color:#ffffff;\"><div style=\"width:100%; background:#f9f9f9; overflow:hidden; display:flex; flex-direction:column; align-items:center; justify-content:center; padding:5px;\"><img decoding=\"async\" src=\"https:\/\/www.awo-wuelfrath.de\/wp-content\/uploads\/2026\/08\/Grillen-scaled-1.jpg\" alt=\"Terminbild\" style=\"width:100%; height:220px; display:block; object-fit:contain;\"><div class=\"awo-bildtitel\" style=\"font-size:12px; line-height:1.3; color:#666; margin-top:4px; text-align:left; width:100%; align-self:stretch; box-sizing:border-box;\">foto: Pxabay<\/div><\/div><div style=\"padding:22px; color:#333; line-height:1.5; font-size:15.0px; flex-grow:1;\">Wir Grillen<\/div><\/div><\/div><\/div><\/div>\n","protected":false},"excerpt":{"rendered":"<p>Wenn es um ein warmes, traditionelles Essen in Gesellschaft geht, steht der Klassiker der AWO im Vordergrund. Unter dem Motto \u201eFlott in den Pott\u201c schwingen Ehrenamtliche den Kochl\u00f6ffel, um ein frisch zubereitetes, saisonales Gericht nach Hausfrauenart direkt im AWO-Treff auf<\/p>\n","protected":false},"author":4,"featured_media":19130,"comment_status":"closed","ping_status":"closed","sticky":false,"template":"","format":"standard","meta":{"iawp_total_views":0,"footnotes":""},"categories":[2],"tags":[],"class_list":["post-19147","post","type-post","status-publish","format-standard","has-post-thumbnail","hentry","category-allgemein"],"_links":{"self":[{"href":"https:\/\/www.awo-wuelfrath.de\/index.php?rest_route=\/wp\/v2\/posts\/19147","targetHints":{"allow":["GET"]}}],"collection":[{"href":"https:\/\/www.awo-wuelfrath.de\/index.php?rest_route=\/wp\/v2\/posts"}],"about":[{"href":"https:\/\/www.awo-wuelfrath.de\/index.php?rest_route=\/wp\/v2\/types\/post"}],"author":[{"embeddable":true,"href":"https:\/\/www.awo-wuelfrath.de\/index.php?rest_route=\/wp\/v2\/users\/4"}],"replies":[{"embeddable":true,"href":"https:\/\/www.awo-wuelfrath.de\/index.php?rest_route=%2Fwp%2Fv2%2Fcomments&post=19147"}],"version-history":[{"count":4,"href":"https:\/\/www.awo-wuelfrath.de\/index.php?rest_route=\/wp\/v2\/posts\/19147\/revisions"}],"predecessor-version":[{"id":19160,"href":"https:\/\/www.awo-wuelfrath.de\/index.php?rest_route=\/wp\/v2\/posts\/19147\/revisions\/19160"}],"wp:attachment":[{"href":"https:\/\/www.awo-wuelfrath.de\/index.php?rest_route=%2Fwp%2Fv2%2Fmedia&parent=19147"}],"wp:term":[{"taxonomy":"category","embeddable":true,"href":"https:\/\/www.awo-wuelfrath.de\/index.php?rest_route=%2Fwp%2Fv2%2Fcategories&post=19147"},{"taxonomy":"post_tag","embeddable":true,"href":"https:\/\/www.awo-wuelfrath.de\/index.php?rest_route=%2Fwp%2Fv2%2Ftags&post=19147"}],"curies":[{"name":"wp","href":"https:\/\/api.w.org\/{rel}","templated":true}]}}